{"id":2430,"date":"2025-06-10T11:07:29","date_gmt":"2025-06-10T09:07:29","guid":{"rendered":"https:\/\/theplacetobemagazine.com\/?p=2430"},"modified":"2025-06-10T11:09:40","modified_gmt":"2025-06-10T09:09:40","slug":"in-minor-keys-il-titolo-della-prossima-biennale-arte-2026-di-koyo-kouoh","status":"publish","type":"post","link":"https:\/\/theplacetobemagazine.com\/index.php\/2025\/06\/10\/in-minor-keys-il-titolo-della-prossima-biennale-arte-2026-di-koyo-kouoh\/","title":{"rendered":"\u201cIn Minor Keys\u201d il titolo della prossima Biennale Arte 2026 di Koyo Kouoh"},"content":{"rendered":"\t\t<div data-elementor-type=\"wp-post\" data-elementor-id=\"2430\" class=\"elementor elementor-2430\" data-elementor-post-type=\"post\">\n\t\t\t\t<div class=\"elementor-element elementor-element-5d51871 e-con-full e-flex e-con e-parent\" data-id=\"5d51871\" data-element_type=\"container\" data-settings=\"{&quot;background_background&quot;:&quot;classic&quot;}\">\n\t\t\t\t<div class=\"elementor-element elementor-element-3ff7404 elementor-nav-menu__align-center elementor-widget__width-inherit elementor-nav-menu--stretch elementor-nav-menu--dropdown-tablet elementor-nav-menu__text-align-aside elementor-nav-menu--toggle elementor-nav-menu--burger elementor-widget elementor-widget-global elementor-global-1690 elementor-widget-nav-menu\" data-id=\"3ff7404\" data-element_type=\"widget\" data-settings=\"{&quot;full_width&quot;:&quot;stretch&quot;,&quot;layout&quot;:&quot;horizontal&quot;,&quot;submenu_icon&quot;:{&quot;value&quot;:&quot;fas fa-caret-down&quot;,&quot;library&quot;:&quot;fa-solid&quot;},&quot;toggle&quot;:&quot;burger&quot;}\" data-widget_type=\"nav-menu.default\">\n\t\t\t\t<div class=\"elementor-widget-container\">\n\t\t\t<link rel=\"stylesheet\" href=\"https:\/\/theplacetobemagazine.com\/wp-content\/plugins\/elementor-pro\/assets\/css\/widget-nav-menu.min.css\">\t\t\t<nav class=\"elementor-nav-menu--main elementor-nav-menu__container elementor-nav-menu--layout-horizontal e--pointer-background e--animation-fade\">\n\t\t\t\t<ul id=\"menu-1-3ff7404\" class=\"elementor-nav-menu\"><li class=\"menu-item menu-item-type-post_type menu-item-object-page menu-item-home menu-item-53\"><a href=\"https:\/\/theplacetobemagazine.com\/\" class=\"elementor-item\">Home<\/a><\/li>\n<li class=\"menu-item menu-item-type-post_type menu-item-object-page menu-item-has-children menu-item-285\"><a href=\"https:\/\/theplacetobemagazine.com\/index.php\/partner\/\" class=\"elementor-item\">Partner<\/a>\n<ul class=\"sub-menu elementor-nav-menu--dropdown\">\n\t<li class=\"menu-item menu-item-type-post_type menu-item-object-page menu-item-284\"><a href=\"https:\/\/theplacetobemagazine.com\/index.php\/servizi\/\" class=\"elementor-sub-item\">Servizi<\/a><\/li>\n\t<li class=\"menu-item menu-item-type-post_type menu-item-object-page menu-item-282\"><a href=\"https:\/\/theplacetobemagazine.com\/index.php\/horeca\/\" class=\"elementor-sub-item\">Horeca<\/a><\/li>\n\t<li class=\"menu-item menu-item-type-post_type menu-item-object-page menu-item-283\"><a href=\"https:\/\/theplacetobemagazine.com\/index.php\/made-in-italy\/\" class=\"elementor-sub-item\">Made in italy<\/a><\/li>\n<\/ul>\n<\/li>\n<li class=\"menu-item menu-item-type-post_type menu-item-object-page menu-item-1046\"><a href=\"https:\/\/theplacetobemagazine.com\/index.php\/pubblicazioni\/\" class=\"elementor-item\">Pubblicazioni<\/a><\/li>\n<li class=\"menu-item menu-item-type-post_type menu-item-object-page menu-item-993\"><a href=\"https:\/\/theplacetobemagazine.com\/index.php\/media-kit\/\" class=\"elementor-item\">Media Kit<\/a><\/li>\n<li class=\"menu-item menu-item-type-post_type menu-item-object-page menu-item-994\"><a href=\"https:\/\/theplacetobemagazine.com\/index.php\/chi-siamo\/\" class=\"elementor-item\">Chi siamo<\/a><\/li>\n<\/ul>\t\t\t<\/nav>\n\t\t\t\t\t<div class=\"elementor-menu-toggle\" role=\"button\" tabindex=\"0\" aria-label=\"Menu di commutazione\" aria-expanded=\"false\">\n\t\t\t<svg aria-hidden=\"true\" role=\"presentation\" class=\"elementor-menu-toggle__icon--open e-font-icon-svg e-eicon-menu-bar\" viewBox=\"0 0 1000 1000\" xmlns=\"http:\/\/www.w3.org\/2000\/svg\"><path d=\"M104 333H896C929 333 958 304 958 271S929 208 896 208H104C71 208 42 237 42 271S71 333 104 333ZM104 583H896C929 583 958 554 958 521S929 458 896 458H104C71 458 42 487 42 521S71 583 104 583ZM104 833H896C929 833 958 804 958 771S929 708 896 708H104C71 708 42 737 42 771S71 833 104 833Z\"><\/path><\/svg><svg aria-hidden=\"true\" role=\"presentation\" class=\"elementor-menu-toggle__icon--close e-font-icon-svg e-eicon-close\" viewBox=\"0 0 1000 1000\" xmlns=\"http:\/\/www.w3.org\/2000\/svg\"><path d=\"M742 167L500 408 258 167C246 154 233 150 217 150 196 150 179 158 167 167 154 179 150 196 150 212 150 229 154 242 171 254L408 500 167 742C138 771 138 800 167 829 196 858 225 858 254 829L496 587 738 829C750 842 767 846 783 846 800 846 817 842 829 829 842 817 846 804 846 783 846 767 842 750 829 737L588 500 833 258C863 229 863 200 833 171 804 137 775 137 742 167Z\"><\/path><\/svg>\t\t\t<span class=\"elementor-screen-only\">Menu<\/span>\n\t\t<\/div>\n\t\t\t\t\t<nav class=\"elementor-nav-menu--dropdown elementor-nav-menu__container\" aria-hidden=\"true\">\n\t\t\t\t<ul id=\"menu-2-3ff7404\" class=\"elementor-nav-menu\"><li class=\"menu-item menu-item-type-post_type menu-item-object-page menu-item-home menu-item-53\"><a href=\"https:\/\/theplacetobemagazine.com\/\" class=\"elementor-item\" tabindex=\"-1\">Home<\/a><\/li>\n<li class=\"menu-item menu-item-type-post_type menu-item-object-page menu-item-has-children menu-item-285\"><a href=\"https:\/\/theplacetobemagazine.com\/index.php\/partner\/\" class=\"elementor-item\" tabindex=\"-1\">Partner<\/a>\n<ul class=\"sub-menu elementor-nav-menu--dropdown\">\n\t<li class=\"menu-item menu-item-type-post_type menu-item-object-page menu-item-284\"><a href=\"https:\/\/theplacetobemagazine.com\/index.php\/servizi\/\" class=\"elementor-sub-item\" tabindex=\"-1\">Servizi<\/a><\/li>\n\t<li class=\"menu-item menu-item-type-post_type menu-item-object-page menu-item-282\"><a href=\"https:\/\/theplacetobemagazine.com\/index.php\/horeca\/\" class=\"elementor-sub-item\" tabindex=\"-1\">Horeca<\/a><\/li>\n\t<li class=\"menu-item menu-item-type-post_type menu-item-object-page menu-item-283\"><a href=\"https:\/\/theplacetobemagazine.com\/index.php\/made-in-italy\/\" class=\"elementor-sub-item\" tabindex=\"-1\">Made in italy<\/a><\/li>\n<\/ul>\n<\/li>\n<li class=\"menu-item menu-item-type-post_type menu-item-object-page menu-item-1046\"><a href=\"https:\/\/theplacetobemagazine.com\/index.php\/pubblicazioni\/\" class=\"elementor-item\" tabindex=\"-1\">Pubblicazioni<\/a><\/li>\n<li class=\"menu-item menu-item-type-post_type menu-item-object-page menu-item-993\"><a href=\"https:\/\/theplacetobemagazine.com\/index.php\/media-kit\/\" class=\"elementor-item\" tabindex=\"-1\">Media Kit<\/a><\/li>\n<li class=\"menu-item menu-item-type-post_type menu-item-object-page menu-item-994\"><a href=\"https:\/\/theplacetobemagazine.com\/index.php\/chi-siamo\/\" class=\"elementor-item\" tabindex=\"-1\">Chi siamo<\/a><\/li>\n<\/ul>\t\t\t<\/nav>\n\t\t\t\t<\/div>\n\t\t\t\t<\/div>\n\t\t\t\t<div class=\"elementor-element elementor-element-49db0ab4 elementor-widget elementor-widget-image\" data-id=\"49db0ab4\" data-element_type=\"widget\" data-widget_type=\"image.default\">\n\t\t\t\t<div class=\"elementor-widget-container\">\n\t\t\t<style>\/*! elementor - v3.23.0 - 05-08-2024 *\/\n.elementor-widget-image{text-align:center}.elementor-widget-image a{display:inline-block}.elementor-widget-image a img[src$=\".svg\"]{width:48px}.elementor-widget-image img{vertical-align:middle;display:inline-block}<\/style>\t\t\t\t\t\t\t\t\t\t<img fetchpriority=\"high\" decoding=\"async\" width=\"800\" height=\"189\" src=\"https:\/\/theplacetobemagazine.com\/wp-content\/uploads\/2024\/04\/LogoTPTBBianco.png\" class=\"attachment-large size-large wp-image-64\" alt=\"\" srcset=\"https:\/\/theplacetobemagazine.com\/wp-content\/uploads\/2024\/04\/LogoTPTBBianco.png 973w, https:\/\/theplacetobemagazine.com\/wp-content\/uploads\/2024\/04\/LogoTPTBBianco-300x71.png 300w, https:\/\/theplacetobemagazine.com\/wp-content\/uploads\/2024\/04\/LogoTPTBBianco-768x182.png 768w\" sizes=\"(max-width: 800px) 100vw, 800px\" \/>\t\t\t\t\t\t\t\t\t\t\t\t\t<\/div>\n\t\t\t\t<\/div>\n\t\t\t\t<div class=\"elementor-element elementor-element-b917b6f elementor-widget elementor-widget-heading\" data-id=\"b917b6f\" data-element_type=\"widget\" data-widget_type=\"heading.default\">\n\t\t\t\t<div class=\"elementor-widget-container\">\n\t\t\t<style>\/*! elementor - v3.23.0 - 05-08-2024 *\/\n.elementor-heading-title{padding:0;margin:0;line-height:1}.elementor-widget-heading .elementor-heading-title[class*=elementor-size-]>a{color:inherit;font-size:inherit;line-height:inherit}.elementor-widget-heading .elementor-heading-title.elementor-size-small{font-size:15px}.elementor-widget-heading .elementor-heading-title.elementor-size-medium{font-size:19px}.elementor-widget-heading .elementor-heading-title.elementor-size-large{font-size:29px}.elementor-widget-heading .elementor-heading-title.elementor-size-xl{font-size:39px}.elementor-widget-heading .elementor-heading-title.elementor-size-xxl{font-size:59px}<\/style><h2 class=\"elementor-heading-title elementor-size-default\">\u201cIn Minor Keys\u201d il titolo della prossima Biennale Arte 2026 di Koyo Kouoh<\/h2>\t\t<\/div>\n\t\t\t\t<\/div>\n\t\t<div class=\"elementor-element elementor-element-5c1e928a e-flex e-con-boxed e-con e-child\" data-id=\"5c1e928a\" data-element_type=\"container\">\n\t\t\t\t\t<div class=\"e-con-inner\">\n\t\t\t\t<div class=\"elementor-element elementor-element-255a21f6 elementor-widget elementor-widget-heading\" data-id=\"255a21f6\" data-element_type=\"widget\" data-widget_type=\"heading.default\">\n\t\t\t\t<div class=\"elementor-widget-container\">\n\t\t\t<h2 class=\"elementor-heading-title elementor-size-default\">Sar\u00e0 una manifestazione dedicata a tonalit\u00e0 minori, al sussurro, all\u2019ascolto, alla tranquillit\u00e0, alle basse frequenze, alla poesia<\/h2>\t\t<\/div>\n\t\t\t\t<\/div>\n\t\t\t\t\t<\/div>\n\t\t\t\t<\/div>\n\t\t\t\t<\/div>\n\t\t<div class=\"elementor-element elementor-element-14298a33 e-flex e-con-boxed e-con e-parent\" data-id=\"14298a33\" data-element_type=\"container\">\n\t\t\t\t\t<div class=\"e-con-inner\">\n\t\t<div class=\"elementor-element elementor-element-59cd1b52 e-con-full e-flex e-con e-child\" data-id=\"59cd1b52\" data-element_type=\"container\">\n\t\t\t\t<div class=\"elementor-element elementor-element-703bf147 elementor-widget elementor-widget-text-editor\" data-id=\"703bf147\" data-element_type=\"widget\" data-widget_type=\"text-editor.default\">\n\t\t\t\t<div class=\"elementor-widget-container\">\n\t\t\t<style>\/*! elementor - v3.23.0 - 05-08-2024 *\/\n.elementor-widget-text-editor.elementor-drop-cap-view-stacked .elementor-drop-cap{background-color:#69727d;color:#fff}.elementor-widget-text-editor.elementor-drop-cap-view-framed .elementor-drop-cap{color:#69727d;border:3px solid;background-color:transparent}.elementor-widget-text-editor:not(.elementor-drop-cap-view-default) .elementor-drop-cap{margin-top:8px}.elementor-widget-text-editor:not(.elementor-drop-cap-view-default) .elementor-drop-cap-letter{width:1em;height:1em}.elementor-widget-text-editor .elementor-drop-cap{float:left;text-align:center;line-height:1;font-size:50px}.elementor-widget-text-editor .elementor-drop-cap-letter{display:inline-block}<\/style>\t\t\t\t<p>La 61. Esposizione Internazionale d\u2019Arte della Biennale di Venezia si svolger\u00e0 ai Giardini e all\u2019 Arsenale dal 9 maggio al 22 novembre 2026 (pre-apertura 7, 8, 9 maggio). A seguito della morte prematura della curatrice (classe 1967) lo scorso 10 maggio 2025, la Biennale di Venezia ha deciso di realizzare la prossima manifestazione secondo il progetto da lei ideato e sul quale ha lavorato fino alla sua scomparsa, al fine di preservare, valorizzare e diffondere le sue idee ed il suo lavoro che verr\u00e0 portato avanti grazie al suo team curatoriale composto dalle advisor Gabe Beckhurst Feijoo, Marie Helene Pereira e Rasha Salti, l\u2019editor-in-chief Siddhartha Mitter e l\u2019assistente Rory Tsapayi. Non a caso il giorno 8 aprile 2025 Koyo Kouh in una lettera al Presidente Buttafuoco scriveva: \u00abNell\u2019ottobre 2024 mi \u00e8 stato conferito il grande onore di essere nominata curatrice della 61\u00aa edizione della Biennale Arte. \u00c8 con piacere che condivido oggi con lei e con il suo team il quadro filosofico che guider\u00e0 la mia curatela della mostra.\u00bb In Minor Keys (\u201cIn tonalit\u00e0 minore\u201d) questo il titolo della prossima Mostra Internazionale della Biennale di Venezia del 2026 voluto da Koyo Kouoh, manifestazione dedicata alle tonalit\u00e0 minori, al sussurro, all\u2019ascolto, alla tranquillit\u00e0, alle basse frequenze, alla poesia. Sar\u00e0 una Biennale simile a un jazz. \u00ab[Fai un respiro profondo]\u2026[Espira]\u2026[Rilassa le spalle]\u2026[Chiudi gli occhi]\u00bb, questa invocazione, tratta dal testo curatoriale di Koyo, invita a incontrare le parole che seguono nelle condizioni fisiche, meteorologiche, ambientali e karmiche in cui vi raggiungono. A rallentare il passo e a sintonizzarsi sulle frequenze delle tonalit\u00e0 minori. Perch\u00e9, sebbene spesso siano sommerse dalla cacofonia ansiogena del caos che imperversa nel mondo, la musica continua. I canti di chi genera bellezza nonostante la tragedia, le melodie dei fuggitivi che riemergono dalle rovine, le armonie di chi ripara ferite e mondi\u201d. Secondo Koyo : \u201cLa tonalit\u00e0 minore, in musica, allude tanto alla struttura di un brano quanto ai suoi effetti emotivi. \u00c8 un\u2019idea feconda, cos\u00ec ricca da oltrepassare rapidamente la sua definizione tecnica ed essere piena di metafore. Evoca stati d\u2019animo, il blues, il call-and-response, la second line, il lamento, l\u2019allegoria, il sussurro\u2026.Le tonalit\u00e0 minori rifiutano il fragore orchestrale e le marce militari dal passo cadenzato, e prendono vita nei toni sommessi, nelle frequenze pi\u00f9 basse, nei mormorii, nelle consolazioni della ..[\u2026] Le tonalit\u00e0 minori richiedono un ascolto che interpelli le emozioni e che, a sua volta, le sostenga\u2026..[\u2026..]\u2026Le tonalit\u00e0 minori sono anche isole minori: mondi in mezzo agli oceani, con ecosistemi distinti e infinitamente ricchi, vite sociali articolate \u2014 nel bene e nel male \u2014 all\u2019interno di strutture politiche ben pi\u00f9 vaste e poste in gioco ecologiche di grande rilievo. In questo contesto, l\u2019evocazione della tonalit\u00e0 e dell\u2019isola si estende a un arcipelago di oasi: giardini, cortili, residenze, loft, piste da ballo \u2014 gli altri mondi creati dagli artisti, universi intimi e conviviali che rigenerano e sostengono anche nei momenti pi\u00f9 bui; anzi, soprattutto nei momenti pi\u00f9 bui.\u201d<\/p>\t\t\t\t\t\t<\/div>\n\t\t\t\t<\/div>\n\t\t\t\t<\/div>\n\t\t<div class=\"elementor-element elementor-element-2913dde7 e-con-full e-flex e-con e-child\" data-id=\"2913dde7\" data-element_type=\"container\">\n\t\t\t\t<div class=\"elementor-element elementor-element-9075ec7 elementor-widget__width-initial elementor-widget elementor-widget-text-editor\" data-id=\"9075ec7\" data-element_type=\"widget\" data-widget_type=\"text-editor.default\">\n\t\t\t\t<div class=\"elementor-widget-container\">\n\t\t\t\t\t\t\t<p>La 61\u00aa edizione della Biennale Arte 2026 \u00e8 basata sulla profonda fiducia negli artisti quali interpreti essenziali della condizione sociale e psichica, oltre che catalizzatori di nuove relazioni e possibilit\u00e0. La composizione della mostra \u00e8 costituita da pratiche artistiche che aprono portali, che stimolano il rapporto e la relazione, e che promuovono l\u2019avanzamento del concetto e della forma attraverso reti e scuole \u2014 intese in modo libero e informale. Tutti i dettagli del progetto \u2014 inclusi l\u2019elenco degli artisti invitati alla Mostra Internazionale, l\u2019identit\u00e0 grafica, il progetto di allestimento e la lista dei Paesi partecipanti alla 61. Esposizione \u2014 saranno svelati nel corso della consueta presentazione che si terr\u00e0 a Venezia, mercoled\u00ec 25 febbraio 2026. Come dichiarato in conferenza stampa dal Presidente della Biennale :\u00abPorteremo a termine la sua mostra, come l\u2019ha consegnata a me lo scorso mese di aprile\u2026.[\u2026]..Il suo \u00e8 un lavoro che arriva a noi ed \u00e8 adesso a tutti voi offerto in una mole preparatoria che \u00e8 gi\u00e0 progetto. E quindi la Biennale fa oggi quello che da 130 anni fa: realizza, mette a terra, edifica l\u2019idea di un autore che oggi con Koyo Kouoh nell\u2019assenza \u00e8 presente per suggerire da quell\u2019altrove una strada, ed \u00e8 una strada precisa \u00e8 il futuro. In lei c\u2019\u00e8 la pratica artistica che prevale su una singola esistenza. In lei c\u2019\u00e8 la geografia disegnata da mappe nuove. Oggi realizziamo la sua mostra e la realizziamo come lei l\u2019ha immaginata, come l\u2019ha progettata e personalmente a me consegnata. La sua proposta \u00e8 quella, appunto, di un sussurro, di un sottovoce, ed \u00e8 l\u2019esatto metodo attraverso cui la giusta luce trova spazio e si dispiega. L\u2019arte, soprattutto l\u2019arte visiva, lo sappiamo, va ben oltre il futuro presente. L\u2019arte \u00e8 il tempo dilatato, \u00e8 il prima ed \u00e8 il dopo ed \u00e8 il permanere di una volont\u00e0 tutta tutta di parola, tutta di segno, tutta di presenza nella vita. Il lavoro di Koyo parla e si confronta con il lavoro di curatori che sono stati e che arriveranno e che ci saranno. Ed \u00e8 il tempo dei venturi. I venturi sono i fondatori di un\u2019essenza, i venturi sono coloro i quali stanno a lungo in ascolto. I venturi, da sempre, sono quelli che apparecchiano il gioco del sapere, sono quelli che, venturi per come sono, sanno indicarci l\u2019apertura all\u2019immaginazione, al cercare ci\u00f2 che \u00e8 necessario e che rende inevitabile e cos\u00ec unico il fatto tra i fatti che ci riguarda, il fatto d\u2019arte\u00bb.<\/p><p>di Daniela Paties Montagner<\/p>\t\t\t\t\t\t<\/div>\n\t\t\t\t<\/div>\n\t\t\t\t<\/div>\n\t\t\t\t\t<\/div>\n\t\t\t\t<\/div>\n\t\t\t\t<\/div>\n\t\t","protected":false},"excerpt":{"rendered":"<p>Sar\u00e0 una manifestazione dedicata a tonalit\u00e0 minori, al sussurro, all\u2019ascolto, alla tranquillit\u00e0, alle basse frequenze, alla poesia La 61. Esposizione Internazionale d\u2019Arte della Biennale di Venezia si svolger\u00e0 ai Giardini e all\u2019 Arsenale dal 9 maggio al 22 novembre 2026 (pre-apertura 7, 8, 9 maggio). A seguito della morte prematura della curatrice (classe 1967) lo [&hellip;]<\/p>\n","protected":false},"author":1,"featured_media":2431,"comment_status":"open","ping_status":"open","sticky":false,"template":"elementor_header_footer","format":"standard","meta":{"om_disable_all_campaigns":false,"_monsterinsights_skip_tracking":false,"_monsterinsights_sitenote_active":false,"_monsterinsights_sitenote_note":"","_monsterinsights_sitenote_category":0,"_uf_show_specific_survey":0,"_uf_disable_surveys":false,"footnotes":""},"categories":[8],"tags":[],"class_list":["post-2430","post","type-post","status-publish","format-standard","has-post-thumbnail","hentry","category-news"],"aioseo_notices":[],"_links":{"self":[{"href":"https:\/\/theplacetobemagazine.com\/index.php\/wp-json\/wp\/v2\/posts\/2430","targetHints":{"allow":["GET"]}}],"collection":[{"href":"https:\/\/theplacetobemagazine.com\/index.php\/wp-json\/wp\/v2\/posts"}],"about":[{"href":"https:\/\/theplacetobemagazine.com\/index.php\/wp-json\/wp\/v2\/types\/post"}],"author":[{"embeddable":true,"href":"https:\/\/theplacetobemagazine.com\/index.php\/wp-json\/wp\/v2\/users\/1"}],"replies":[{"embeddable":true,"href":"https:\/\/theplacetobemagazine.com\/index.php\/wp-json\/wp\/v2\/comments?post=2430"}],"version-history":[{"count":7,"href":"https:\/\/theplacetobemagazine.com\/index.php\/wp-json\/wp\/v2\/posts\/2430\/revisions"}],"predecessor-version":[{"id":2438,"href":"https:\/\/theplacetobemagazine.com\/index.php\/wp-json\/wp\/v2\/posts\/2430\/revisions\/2438"}],"wp:featuredmedia":[{"embeddable":true,"href":"https:\/\/theplacetobemagazine.com\/index.php\/wp-json\/wp\/v2\/media\/2431"}],"wp:attachment":[{"href":"https:\/\/theplacetobemagazine.com\/index.php\/wp-json\/wp\/v2\/media?parent=2430"}],"wp:term":[{"taxonomy":"category","embeddable":true,"href":"https:\/\/theplacetobemagazine.com\/index.php\/wp-json\/wp\/v2\/categories?post=2430"},{"taxonomy":"post_tag","embeddable":true,"href":"https:\/\/theplacetobemagazine.com\/index.php\/wp-json\/wp\/v2\/tags?post=2430"}],"curies":[{"name":"wp","href":"https:\/\/api.w.org\/{rel}","templated":true}]}}